{"id":19118,"date":"2023-03-16T14:42:16","date_gmt":"2023-03-16T14:42:16","guid":{"rendered":"https:\/\/team.wellvivo.at\/neurodermite\/"},"modified":"2024-04-08T10:53:34","modified_gmt":"2024-04-08T10:53:34","slug":"neurodermite","status":"publish","type":"post","link":"https:\/\/team.wellvivo.at\/it\/neurodermite\/","title":{"rendered":"Neurodermite"},"content":{"rendered":"\n<p><em><strong>Bambino, 2 anni<\/strong><\/em><\/p>\n\n<p>La mamma scrive: \u201cBuongiorno. Ho pensato di presentare una relazione intermedia sul tema della neurodermite nei bambini. Mio figlio (2 anni) assume BalanceOil e Zinobiotic per l\u2019intestino da quasi un anno. Il successo parla da s\u00e9. Ci sono ancora occasionali riacutizzazioni perch\u00e9 reagisce ancora a molti alimenti, ma la situazione \u00e8 migliorata tantissimo\u201d.<\/p>\n\n<div class=\"wp-block-columns is-layout-flex wp-container-core-columns-is-layout-28f84493 wp-block-columns-is-layout-flex\">\n<div class=\"wp-block-column is-layout-flow wp-block-column-is-layout-flow\">\n<figure class=\"wp-block-image size-large\"><img loading=\"lazy\" decoding=\"async\" width=\"582\" height=\"1024\" src=\"https:\/\/team.wellvivo.at\/wp-content\/uploads\/2023\/03\/Neurodermitis-2jaehriger-vorher-582x1024.jpg\" alt=\"\" class=\"wp-image-15102\" srcset=\"https:\/\/team.wellvivo.at\/wp-content\/uploads\/2023\/03\/Neurodermitis-2jaehriger-vorher-582x1024.jpg 582w, https:\/\/team.wellvivo.at\/wp-content\/uploads\/2023\/03\/Neurodermitis-2jaehriger-vorher-170x300.jpg 170w, https:\/\/team.wellvivo.at\/wp-content\/uploads\/2023\/03\/Neurodermitis-2jaehriger-vorher.jpg 591w\" sizes=\"auto, (max-width: 582px) 100vw, 582px\" \/><figcaption class=\"wp-element-caption\">Prima<\/figcaption><\/figure>\n<\/div>\n\n\n\n<div class=\"wp-block-column is-layout-flow wp-block-column-is-layout-flow\">\n<figure class=\"wp-block-image size-large\"><img loading=\"lazy\" decoding=\"async\" width=\"535\" height=\"1024\" src=\"https:\/\/team.wellvivo.at\/wp-content\/uploads\/2023\/03\/Neurodermitis-2jaehriger-nachher2-535x1024.jpg\" alt=\"\" class=\"wp-image-15103\" srcset=\"https:\/\/team.wellvivo.at\/wp-content\/uploads\/2023\/03\/Neurodermitis-2jaehriger-nachher2-535x1024.jpg 535w, https:\/\/team.wellvivo.at\/wp-content\/uploads\/2023\/03\/Neurodermitis-2jaehriger-nachher2-157x300.jpg 157w, https:\/\/team.wellvivo.at\/wp-content\/uploads\/2023\/03\/Neurodermitis-2jaehriger-nachher2-768x1471.jpg 768w, https:\/\/team.wellvivo.at\/wp-content\/uploads\/2023\/03\/Neurodermitis-2jaehriger-nachher2-802x1536.jpg 802w, https:\/\/team.wellvivo.at\/wp-content\/uploads\/2023\/03\/Neurodermitis-2jaehriger-nachher2-1069x2048.jpg 1069w, https:\/\/team.wellvivo.at\/wp-content\/uploads\/2023\/03\/Neurodermitis-2jaehriger-nachher2.jpg 1280w\" sizes=\"auto, (max-width: 535px) 100vw, 535px\" \/><figcaption class=\"wp-element-caption\">Dopo un anno<\/figcaption><\/figure>\n<\/div>\n<\/div>\n","protected":false},"excerpt":{"rendered":"<p>Bambino, 2 anni La mamma scrive: \u201cBuongiorno. Ho pensato di presentare una relazione intermedia sul tema della neurodermite nei bambini. &hellip; <a href=\"https:\/\/team.wellvivo.at\/it\/neurodermite\/\" class=\"more-link\">Continua a leggere<span class=\"screen-reader-text\"> &#8220;Neurodermite&#8221;<\/span><\/a><\/p>\n","protected":false},"author":1,"featured_media":0,"comment_status":"open","ping_status":"closed","sticky":false,"template":"","format":"standard","meta":{"_coblocks_attr":"","_coblocks_dimensions":"","_coblocks_responsive_height":"","_coblocks_accordion_ie_support":"","_uag_custom_page_level_css":"","footnotes":""},"categories":[211,155,176],"tags":[177,214,226],"class_list":["post-19118","post","type-post","status-publish","format-standard","hentry","category-allergie-intolleranze-malattie-autoimmuni","category-il-feedback-dei-clienti-e-tutto","category-pelle-capelli-unghie","tag-la-pelle","tag-malattia-autoimmune","tag-neurodermite"],"uagb_featured_image_src":{"full":false,"thumbnail":false,"medium":false,"medium_large":false,"large":false,"1536x1536":false,"2048x2048":false,"buddyx-featured":false,"buddyx-large":false,"buddyx-list":false,"buddyx-col-two":false,"buddyx-col-three":false},"uagb_author_info":{"display_name":"Sascha","author_link":"https:\/\/team.wellvivo.at\/it\/author\/himmelstuermer\/"},"uagb_comment_info":0,"uagb_excerpt":"Bambino, 2 anni La mamma scrive: \u201cBuongiorno. Ho pensato di presentare una relazione intermedia sul tema della neurodermite nei bambini. &hellip; Continua a leggere \"Neurodermite\"","_links":{"self":[{"href":"https:\/\/team.wellvivo.at\/it\/wp-json\/wp\/v2\/posts\/19118","targetHints":{"allow":["GET"]}}],"collection":[{"href":"https:\/\/team.wellvivo.at\/it\/wp-json\/wp\/v2\/posts"}],"about":[{"href":"https:\/\/team.wellvivo.at\/it\/wp-json\/wp\/v2\/types\/post"}],"author":[{"embeddable":true,"href":"https:\/\/team.wellvivo.at\/it\/wp-json\/wp\/v2\/users\/1"}],"replies":[{"embeddable":true,"href":"https:\/\/team.wellvivo.at\/it\/wp-json\/wp\/v2\/comments?post=19118"}],"version-history":[{"count":2,"href":"https:\/\/team.wellvivo.at\/it\/wp-json\/wp\/v2\/posts\/19118\/revisions"}],"predecessor-version":[{"id":19127,"href":"https:\/\/team.wellvivo.at\/it\/wp-json\/wp\/v2\/posts\/19118\/revisions\/19127"}],"wp:attachment":[{"href":"https:\/\/team.wellvivo.at\/it\/wp-json\/wp\/v2\/media?parent=19118"}],"wp:term":[{"taxonomy":"category","embeddable":true,"href":"https:\/\/team.wellvivo.at\/it\/wp-json\/wp\/v2\/categories?post=19118"},{"taxonomy":"post_tag","embeddable":true,"href":"https:\/\/team.wellvivo.at\/it\/wp-json\/wp\/v2\/tags?post=19118"}],"curies":[{"name":"wp","href":"https:\/\/api.w.org\/{rel}","templated":true}]}}