{"id":19161,"date":"2021-09-10T12:35:04","date_gmt":"2021-09-10T12:35:04","guid":{"rendered":"https:\/\/team.wellvivo.at\/yeux-cecite-infection-virale-memoire-cerveau\/"},"modified":"2024-04-08T10:53:41","modified_gmt":"2024-04-08T10:53:41","slug":"yeux-cecite-infection-virale-memoire-cerveau","status":"publish","type":"post","link":"https:\/\/team.wellvivo.at\/fr\/yeux-cecite-infection-virale-memoire-cerveau\/","title":{"rendered":"Yeux, c\u00e9cit\u00e9, infection virale, m\u00e9moire, cerveau"},"content":{"rendered":"\n<p><strong>Femme, 55 ans :<\/strong><br\/><em>\u00ab\u00a0J\u2019ai pris 4 comprim\u00e9s de Zinogene+ par jour pendant 1 semaine il y a environ 4 semaines, puis la bo\u00eete s\u2019est vid\u00e9e. Comme je n\u2019avais pas de r\u00e9approvisionnement, j\u2019ai d\u00fb faire une pause et j\u2019ai recommenc\u00e9 \u00e0 prendre 4 comprim\u00e9s par jour il y a 3 jours.<\/em><\/p>\n\n<p><em>Mes ant\u00e9c\u00e9dents :<br\/>Octobre 2020 Probl\u00e8me oculaire important \u2013 h\u00e9morragie dans le nerf optique et atrophie du nerf optique. Je suis naturopathe et j\u2019ai d\u00e9couvert qu\u2019elle \u00e9tait due \u00e0 un cytom\u00e9galovirus qui m\u2019a \u00e9galement atteint au cerveau. De graves probl\u00e8mes de m\u00e9moire et une c\u00e9cit\u00e9 imminente en ont \u00e9t\u00e9 la cons\u00e9quence.<\/em><\/p>\n\n<p><em>Fin f\u00e9vrier, j\u2019ai rencontr\u00e9 Zinzino. Apr\u00e8s seulement deux semaines de prise du protocole de sant\u00e9 (NB : BalanceOil, Zinobiotic, Xtend), j\u2019ai remarqu\u00e9 une nette am\u00e9lioration. Ma concentration et ma m\u00e9moire, en particulier, se sont beaucoup am\u00e9lior\u00e9es. Les yeux se sont \u00e9galement l\u00e9g\u00e8rement am\u00e9lior\u00e9s.<br\/>Puis, avec la 1\u00e8re semaine de ZinoGine, j\u2019ai soudain eu de terribles troubles de la vision, qui se sont am\u00e9lior\u00e9s par la suite, et je suis all\u00e9e chez l\u2019ophtalmologue. Celui-ci a constat\u00e9 une am\u00e9lioration incroyable, qu\u2019il n\u2019arrivait pas \u00e0 croire. La semaine derni\u00e8re, lundi, j\u2019y suis retourn\u00e9, c\u2019est vrai \u2026<br\/>Ma vue s\u2019est am\u00e9lior\u00e9e de fa\u00e7on spectaculaire. Lui et moi sommes ravis.<\/em>\u00ab\u00a0<\/p>\n","protected":false},"excerpt":{"rendered":"<p>Femme, 55 ans :\u00ab\u00a0J\u2019ai pris 4 comprim\u00e9s de Zinogene+ par jour pendant 1 semaine il y a environ 4 semaines, &hellip; <a href=\"https:\/\/team.wellvivo.at\/fr\/yeux-cecite-infection-virale-memoire-cerveau\/\" class=\"more-link\">Poursuivre la lecture <span class=\"screen-reader-text\"> \u00ab\u00a0Yeux, c\u00e9cit\u00e9, infection virale, m\u00e9moire, cerveau\u00a0\u00bb<\/span><\/a><\/p>\n","protected":false},"author":1,"featured_media":0,"comment_status":"open","ping_status":"closed","sticky":false,"template":"","format":"standard","meta":{"_coblocks_attr":"","_coblocks_dimensions":"","_coblocks_responsive_height":"","_coblocks_accordion_ie_support":"","_uag_custom_page_level_css":"","footnotes":""},"categories":[148,128,150,123],"tags":[265,267,268,266,264],"class_list":["post-19161","post","type-post","status-publish","format-standard","hentry","category-commentaires-des-clients-tout","category-la-sante-en-general","category-psychisme-et-nerfs","category-yeux","tag-cecite","tag-cerveau","tag-infection-virale","tag-memoire","tag-yeux"],"uagb_featured_image_src":{"full":false,"thumbnail":false,"medium":false,"medium_large":false,"large":false,"1536x1536":false,"2048x2048":false,"buddyx-featured":false,"buddyx-large":false,"buddyx-list":false,"buddyx-col-two":false,"buddyx-col-three":false},"uagb_author_info":{"display_name":"Sascha","author_link":"https:\/\/team.wellvivo.at\/fr\/author\/himmelstuermer\/"},"uagb_comment_info":0,"uagb_excerpt":"Femme, 55 ans :\u00ab\u00a0J\u2019ai pris 4 comprim\u00e9s de Zinogene+ par jour pendant 1 semaine il y a environ 4 semaines, &hellip; Poursuivre la lecture \"Yeux, c\u00e9cit\u00e9, infection virale, m\u00e9moire, cerveau\"","_links":{"self":[{"href":"https:\/\/team.wellvivo.at\/fr\/wp-json\/wp\/v2\/posts\/19161","targetHints":{"allow":["GET"]}}],"collection":[{"href":"https:\/\/team.wellvivo.at\/fr\/wp-json\/wp\/v2\/posts"}],"about":[{"href":"https:\/\/team.wellvivo.at\/fr\/wp-json\/wp\/v2\/types\/post"}],"author":[{"embeddable":true,"href":"https:\/\/team.wellvivo.at\/fr\/wp-json\/wp\/v2\/users\/1"}],"replies":[{"embeddable":true,"href":"https:\/\/team.wellvivo.at\/fr\/wp-json\/wp\/v2\/comments?post=19161"}],"version-history":[{"count":2,"href":"https:\/\/team.wellvivo.at\/fr\/wp-json\/wp\/v2\/posts\/19161\/revisions"}],"predecessor-version":[{"id":19170,"href":"https:\/\/team.wellvivo.at\/fr\/wp-json\/wp\/v2\/posts\/19161\/revisions\/19170"}],"wp:attachment":[{"href":"https:\/\/team.wellvivo.at\/fr\/wp-json\/wp\/v2\/media?parent=19161"}],"wp:term":[{"taxonomy":"category","embeddable":true,"href":"https:\/\/team.wellvivo.at\/fr\/wp-json\/wp\/v2\/categories?post=19161"},{"taxonomy":"post_tag","embeddable":true,"href":"https:\/\/team.wellvivo.at\/fr\/wp-json\/wp\/v2\/tags?post=19161"}],"curies":[{"name":"wp","href":"https:\/\/api.w.org\/{rel}","templated":true}]}}